{"id":724,"date":"2018-01-04T21:15:41","date_gmt":"2018-01-04T20:15:41","guid":{"rendered":"https:\/\/kamerungo.org\/?p=724"},"modified":"2020-12-31T10:22:19","modified_gmt":"2020-12-31T09:22:19","slug":"pourquoi-le-cameroun","status":"publish","type":"post","link":"https:\/\/kamerungo.org\/fr\/pourquoi-le-cameroun\/","title":{"rendered":"Pourquoi le Cameroun?"},"content":{"rendered":"<p><strong>Durant les premiers mois de l\u2019aventure KamerunGO!, on a appris quelque chose de fondamental\u00a0: D\u2019un point de vue occidental, il peut \u00eatre difficile de saisir la n\u00e9cessit\u00e9 de la construction d\u2019un centre de soins dans un village de la c\u00f4te camerounaise. Dans cet article, on va donc essayer d\u2019apporter quelques \u00e9claircissements et de r\u00e9pondre \u00e0 une question tr\u00e8s simple\u00a0: pourquoi\u00a0?<\/strong><\/p>\n<h3>Pourquoi construire un <a href=\"https:\/\/kamerungo.org\/fr\/projet\/\">centre de soins<\/a> \u00e0 B\u00e9koko\u00a0?<\/h3>\n<p>C\u2019est tr\u00e8s simple, on souhaite permettre aux habitants de ce village en pleine croissance d\u2019acc\u00e9der aux soins de base. Aujourd\u2019hui, les habitants de B\u00e9koko n\u2019ont pas acc\u00e8s aux soins les plus basiques et doivent se d\u00e9placer jusqu\u2019\u00e0 Douala pour se rendre \u00e0 l\u2019h\u00f4pital, ce qui peut prendre plusieurs heures<em>.<\/em> De plus, les revenus des habitants de B\u00e9koko qui est un village principalement agricole ne permettent pas de s\u2019acquitter des co\u00fbts de la sant\u00e9.<\/p>\n<h3>Pourquoi un centre de sant\u00e9 est-il n\u00e9cessaire sur place?<\/h3>\n<p><img decoding=\"async\" class=\"wp-image-717 alignright\" src=\"https:\/\/kamerungo.org\/wp-content\/uploads\/2018\/01\/Cameroun-Route_nationale_3_\u00e0_la_saison_des_pluies_2-300x225.jpg\" alt=\"\" width=\"338\" height=\"254\" srcset=\"https:\/\/kamerungo.org\/wp-content\/uploads\/2018\/01\/Cameroun-Route_nationale_3_\u00e0_la_saison_des_pluies_2-300x225.jpg 300w, https:\/\/kamerungo.org\/wp-content\/uploads\/2018\/01\/Cameroun-Route_nationale_3_\u00e0_la_saison_des_pluies_2-768x576.jpg 768w, https:\/\/kamerungo.org\/wp-content\/uploads\/2018\/01\/Cameroun-Route_nationale_3_\u00e0_la_saison_des_pluies_2-1024x768.jpg 1024w\" sizes=\"(max-width: 338px) 100vw, 338px\" \/><\/p>\n<p>Le syst\u00e8me de sant\u00e9 camerounais est tr\u00e8s centralis\u00e9. Les agglom\u00e9rations disposent des infrastructures n\u00e9cessaires, mais malheureusement d\u00e8s qu\u2019on sort des grandes villes, c\u2019est le n\u00e9ant\u00a0! Et \u00e7a pose pas mal de probl\u00e8mes\u2026 Imaginez devoir parcourir 5 heures de route sur un scooter pour une consultation m\u00e9dicale&#8230; ah oui, et vous ne faites pas forc\u00e9ment le trajet pour vous mais pour amener votre enfant souffrant, un de vos grand-parents ou encore votre compagne enceinte.<\/p>\n<p>&nbsp;<\/p>\n<h3><\/h3>\n<h3>Quelle est la source du probl\u00e8me?<\/h3>\n<p>Comme vous pouvez vous en douter, la politique camerounaise joue un grand r\u00f4le dans cette probl\u00e9matique. Th\u00e9oriquement, une loi datant de 2004 pr\u00e9voit la gouvernance de la sant\u00e9 au niveau local\u2026 mais celle-ci n\u2019est pas mise en \u0153uvre. Le Cameroun a une sorte de tradition de la centralisation, tradition qui a malheureusement la peau dure. De plus, la d\u00e9centralisation requiert de nombreux investissements en infrastructure et n\u00e9cessite des ressources humaines pas forc\u00e9ment \u00e0 disposition. Et c\u2019est certainement le nerf de la guerre\u00a0! Dans un pays touch\u00e9 par une crise \u00e9conomique, les fonds manquent cruellement pour d\u00e9velopper des projets allant dans le sens de la loi de 2004. On se retrouve donc avec un syst\u00e8me qui, au lieu de r\u00e9pondre aux besoins de tous les habitants, est centralis\u00e9 dans les agglom\u00e9rations et n\u2019est financi\u00e8rement accessible qu\u2019aux plus avantag\u00e9s.<\/p>\n<p><strong>C\u2019est pourquoi nous avons fait de l\u2019acc\u00e8s aux soins pour tous notre cheval de bataille. De part ce projet, nous voulons rendre l\u2019acc\u00e8s aux soins accessible aussi aux populations moins favoris\u00e9es et localis\u00e9es en-dehors des villes camerounaises\u00a0!<\/strong><\/p>\n<h4><a href=\"https:\/\/kamerungo.org\/fr\/don\/\">Faire un don!<\/a><\/h4>\n","protected":false},"excerpt":{"rendered":"<p>Durant les premiers mois de l\u2019aventure KamerunGO!, on a appris quelque chose de fondamental\u00a0: D\u2019un point de vue occidental, il peut \u00eatre difficile de saisir la n\u00e9cessit\u00e9 de la construction d\u2019un centre de soins dans un village de la c\u00f4te camerounaise. Dans cet article, on va donc essayer d\u2019apporter quelques \u00e9claircissements et de r\u00e9pondre \u00e0&hellip;<\/p>\n","protected":false},"author":2,"featured_media":1198,"comment_status":"open","ping_status":"open","sticky":false,"template":"","format":"standard","meta":{"give_campaign_id":0,"footnotes":""},"categories":[775],"tags":[],"class_list":["post-724","post","type-post","status-publish","format-standard","has-post-thumbnail","hentry","category-nouvelles"],"yoast_head":"<!-- This site is optimized with the Yoast SEO plugin v27.4 - https:\/\/yoast.com\/product\/yoast-seo-wordpress\/ -->\n<title>Pourquoi le Cameroun? - KamerunGO!<\/title>\n<meta name=\"robots\" content=\"index, follow, max-snippet:-1, max-image-preview:large, max-video-preview:-1\" \/>\n<link rel=\"canonical\" href=\"https:\/\/kamerungo.org\/fr\/pourquoi-le-cameroun\/\" \/>\n<meta property=\"og:locale\" content=\"fr_FR\" \/>\n<meta property=\"og:type\" content=\"article\" \/>\n<meta property=\"og:title\" content=\"Pourquoi le Cameroun? - KamerunGO!\" \/>\n<meta property=\"og:description\" content=\"Durant les premiers mois de l\u2019aventure KamerunGO!, on a appris quelque chose de fondamental\u00a0: D\u2019un point de vue occidental, il peut \u00eatre difficile de saisir la n\u00e9cessit\u00e9 de la construction d\u2019un centre de soins dans un village de la c\u00f4te camerounaise. Dans cet article, on va donc essayer d\u2019apporter quelques \u00e9claircissements et de r\u00e9pondre \u00e0&hellip;\" \/>\n<meta property=\"og:url\" content=\"https:\/\/kamerungo.org\/fr\/pourquoi-le-cameroun\/\" \/>\n<meta property=\"og:site_name\" content=\"KamerunGO!\" \/>\n<meta property=\"article:publisher\" content=\"https:\/\/facebook.com\/kamerungo\/\" \/>\n<meta property=\"article:published_time\" content=\"2018-01-04T20:15:41+00:00\" \/>\n<meta property=\"article:modified_time\" content=\"2020-12-31T09:22:19+00:00\" \/>\n<meta property=\"og:image\" content=\"https:\/\/kamerungo.org\/wp-content\/uploads\/2018\/01\/Cameroun-Route_nationale_3_\u00e0_la_saison_des_pluies_2.jpg\" \/>\n\t<meta property=\"og:image:width\" content=\"3264\" \/>\n\t<meta property=\"og:image:height\" content=\"2448\" \/>\n\t<meta property=\"og:image:type\" content=\"image\/jpeg\" \/>\n<meta name=\"twitter:card\" content=\"summary_large_image\" \/>\n<meta name=\"twitter:label1\" content=\"\u00c9crit par\" \/>\n\t<meta name=\"twitter:data1\" content=\"\" \/>\n\t<meta name=\"twitter:label2\" content=\"Dur\u00e9e de lecture estim\u00e9e\" \/>\n\t<meta name=\"twitter:data2\" content=\"2 minutes\" \/>\n<script type=\"application\/ld+json\" class=\"yoast-schema-graph\">{\"@context\":\"https:\\\/\\\/schema.org\",\"@graph\":[{\"@type\":\"Article\",\"@id\":\"https:\\\/\\\/kamerungo.org\\\/fr\\\/pourquoi-le-cameroun\\\/#article\",\"isPartOf\":{\"@id\":\"https:\\\/\\\/kamerungo.org\\\/fr\\\/pourquoi-le-cameroun\\\/\"},\"author\":{\"name\":\"\",\"@id\":\"\"},\"headline\":\"Pourquoi le Cameroun?\",\"datePublished\":\"2018-01-04T20:15:41+00:00\",\"dateModified\":\"2020-12-31T09:22:19+00:00\",\"mainEntityOfPage\":{\"@id\":\"https:\\\/\\\/kamerungo.org\\\/fr\\\/pourquoi-le-cameroun\\\/\"},\"wordCount\":463,\"commentCount\":0,\"publisher\":{\"@id\":\"https:\\\/\\\/kamerungo.org\\\/#organization\"},\"image\":{\"@id\":\"https:\\\/\\\/kamerungo.org\\\/fr\\\/pourquoi-le-cameroun\\\/#primaryimage\"},\"thumbnailUrl\":\"https:\\\/\\\/kamerungo.org\\\/wp-content\\\/uploads\\\/2018\\\/01\\\/Cameroun-Route_nationale_3_\u00e0_la_saison_des_pluies_2.jpg\",\"articleSection\":[\"Nouvelles\"],\"inLanguage\":\"fr-FR\",\"potentialAction\":[{\"@type\":\"CommentAction\",\"name\":\"Comment\",\"target\":[\"https:\\\/\\\/kamerungo.org\\\/fr\\\/pourquoi-le-cameroun\\\/#respond\"]}]},{\"@type\":\"WebPage\",\"@id\":\"https:\\\/\\\/kamerungo.org\\\/fr\\\/pourquoi-le-cameroun\\\/\",\"url\":\"https:\\\/\\\/kamerungo.org\\\/fr\\\/pourquoi-le-cameroun\\\/\",\"name\":\"Pourquoi le Cameroun? - KamerunGO!\",\"isPartOf\":{\"@id\":\"https:\\\/\\\/kamerungo.org\\\/#website\"},\"primaryImageOfPage\":{\"@id\":\"https:\\\/\\\/kamerungo.org\\\/fr\\\/pourquoi-le-cameroun\\\/#primaryimage\"},\"image\":{\"@id\":\"https:\\\/\\\/kamerungo.org\\\/fr\\\/pourquoi-le-cameroun\\\/#primaryimage\"},\"thumbnailUrl\":\"https:\\\/\\\/kamerungo.org\\\/wp-content\\\/uploads\\\/2018\\\/01\\\/Cameroun-Route_nationale_3_\u00e0_la_saison_des_pluies_2.jpg\",\"datePublished\":\"2018-01-04T20:15:41+00:00\",\"dateModified\":\"2020-12-31T09:22:19+00:00\",\"breadcrumb\":{\"@id\":\"https:\\\/\\\/kamerungo.org\\\/fr\\\/pourquoi-le-cameroun\\\/#breadcrumb\"},\"inLanguage\":\"fr-FR\",\"potentialAction\":[{\"@type\":\"ReadAction\",\"target\":[\"https:\\\/\\\/kamerungo.org\\\/fr\\\/pourquoi-le-cameroun\\\/\"]}]},{\"@type\":\"ImageObject\",\"inLanguage\":\"fr-FR\",\"@id\":\"https:\\\/\\\/kamerungo.org\\\/fr\\\/pourquoi-le-cameroun\\\/#primaryimage\",\"url\":\"https:\\\/\\\/kamerungo.org\\\/wp-content\\\/uploads\\\/2018\\\/01\\\/Cameroun-Route_nationale_3_\u00e0_la_saison_des_pluies_2.jpg\",\"contentUrl\":\"https:\\\/\\\/kamerungo.org\\\/wp-content\\\/uploads\\\/2018\\\/01\\\/Cameroun-Route_nationale_3_\u00e0_la_saison_des_pluies_2.jpg\",\"width\":3264,\"height\":2448},{\"@type\":\"BreadcrumbList\",\"@id\":\"https:\\\/\\\/kamerungo.org\\\/fr\\\/pourquoi-le-cameroun\\\/#breadcrumb\",\"itemListElement\":[{\"@type\":\"ListItem\",\"position\":1,\"name\":\"Maison\",\"item\":\"https:\\\/\\\/kamerungo.org\\\/fr\\\/maison-de-noel-2020\\\/\"},{\"@type\":\"ListItem\",\"position\":2,\"name\":\"Pourquoi le Cameroun?\"}]},{\"@type\":\"WebSite\",\"@id\":\"https:\\\/\\\/kamerungo.org\\\/#website\",\"url\":\"https:\\\/\\\/kamerungo.org\\\/\",\"name\":\"KamerunGO!\",\"description\":\"Ta contribution permet la construction du premier centre m\u00e9dical de Bekoko au Cameroun.\",\"publisher\":{\"@id\":\"https:\\\/\\\/kamerungo.org\\\/#organization\"},\"potentialAction\":[{\"@type\":\"SearchAction\",\"target\":{\"@type\":\"EntryPoint\",\"urlTemplate\":\"https:\\\/\\\/kamerungo.org\\\/?s={search_term_string}\"},\"query-input\":{\"@type\":\"PropertyValueSpecification\",\"valueRequired\":true,\"valueName\":\"search_term_string\"}}],\"inLanguage\":\"fr-FR\"},{\"@type\":\"Organization\",\"@id\":\"https:\\\/\\\/kamerungo.org\\\/#organization\",\"name\":\"KamerunGO!\",\"url\":\"https:\\\/\\\/kamerungo.org\\\/\",\"logo\":{\"@type\":\"ImageObject\",\"inLanguage\":\"fr-FR\",\"@id\":\"https:\\\/\\\/kamerungo.org\\\/#\\\/schema\\\/logo\\\/image\\\/\",\"url\":\"https:\\\/\\\/kamerungo.org\\\/wp-content\\\/uploads\\\/2017\\\/11\\\/Logo_KamerunGO_web_v.0.1_white_square.png\",\"contentUrl\":\"https:\\\/\\\/kamerungo.org\\\/wp-content\\\/uploads\\\/2017\\\/11\\\/Logo_KamerunGO_web_v.0.1_white_square.png\",\"width\":2000,\"height\":2000,\"caption\":\"KamerunGO!\"},\"image\":{\"@id\":\"https:\\\/\\\/kamerungo.org\\\/#\\\/schema\\\/logo\\\/image\\\/\"},\"sameAs\":[\"https:\\\/\\\/facebook.com\\\/kamerungo\\\/\",\"https:\\\/\\\/www.instagram.com\\\/kamerungo\\\/\",\"https:\\\/\\\/www.youtube.com\\\/channel\\\/UCBDOv0SqVKjq9FX8x-JnjeA\\\/\"]},{\"@type\":\"Person\",\"@id\":\"\"}]}<\/script>\n<!-- \/ Yoast SEO plugin. -->","yoast_head_json":{"title":"Pourquoi le Cameroun? - KamerunGO!","robots":{"index":"index","follow":"follow","max-snippet":"max-snippet:-1","max-image-preview":"max-image-preview:large","max-video-preview":"max-video-preview:-1"},"canonical":"https:\/\/kamerungo.org\/fr\/pourquoi-le-cameroun\/","og_locale":"fr_FR","og_type":"article","og_title":"Pourquoi le Cameroun? - KamerunGO!","og_description":"Durant les premiers mois de l\u2019aventure KamerunGO!, on a appris quelque chose de fondamental\u00a0: D\u2019un point de vue occidental, il peut \u00eatre difficile de saisir la n\u00e9cessit\u00e9 de la construction d\u2019un centre de soins dans un village de la c\u00f4te camerounaise. Dans cet article, on va donc essayer d\u2019apporter quelques \u00e9claircissements et de r\u00e9pondre \u00e0&hellip;","og_url":"https:\/\/kamerungo.org\/fr\/pourquoi-le-cameroun\/","og_site_name":"KamerunGO!","article_publisher":"https:\/\/facebook.com\/kamerungo\/","article_published_time":"2018-01-04T20:15:41+00:00","article_modified_time":"2020-12-31T09:22:19+00:00","og_image":[{"width":3264,"height":2448,"url":"https:\/\/kamerungo.org\/wp-content\/uploads\/2018\/01\/Cameroun-Route_nationale_3_\u00e0_la_saison_des_pluies_2.jpg","type":"image\/jpeg"}],"twitter_card":"summary_large_image","twitter_misc":{"\u00c9crit par":"","Dur\u00e9e de lecture estim\u00e9e":"2 minutes"},"schema":{"@context":"https:\/\/schema.org","@graph":[{"@type":"Article","@id":"https:\/\/kamerungo.org\/fr\/pourquoi-le-cameroun\/#article","isPartOf":{"@id":"https:\/\/kamerungo.org\/fr\/pourquoi-le-cameroun\/"},"author":{"name":"","@id":""},"headline":"Pourquoi le Cameroun?","datePublished":"2018-01-04T20:15:41+00:00","dateModified":"2020-12-31T09:22:19+00:00","mainEntityOfPage":{"@id":"https:\/\/kamerungo.org\/fr\/pourquoi-le-cameroun\/"},"wordCount":463,"commentCount":0,"publisher":{"@id":"https:\/\/kamerungo.org\/#organization"},"image":{"@id":"https:\/\/kamerungo.org\/fr\/pourquoi-le-cameroun\/#primaryimage"},"thumbnailUrl":"https:\/\/kamerungo.org\/wp-content\/uploads\/2018\/01\/Cameroun-Route_nationale_3_\u00e0_la_saison_des_pluies_2.jpg","articleSection":["Nouvelles"],"inLanguage":"fr-FR","potentialAction":[{"@type":"CommentAction","name":"Comment","target":["https:\/\/kamerungo.org\/fr\/pourquoi-le-cameroun\/#respond"]}]},{"@type":"WebPage","@id":"https:\/\/kamerungo.org\/fr\/pourquoi-le-cameroun\/","url":"https:\/\/kamerungo.org\/fr\/pourquoi-le-cameroun\/","name":"Pourquoi le Cameroun? - KamerunGO!","isPartOf":{"@id":"https:\/\/kamerungo.org\/#website"},"primaryImageOfPage":{"@id":"https:\/\/kamerungo.org\/fr\/pourquoi-le-cameroun\/#primaryimage"},"image":{"@id":"https:\/\/kamerungo.org\/fr\/pourquoi-le-cameroun\/#primaryimage"},"thumbnailUrl":"https:\/\/kamerungo.org\/wp-content\/uploads\/2018\/01\/Cameroun-Route_nationale_3_\u00e0_la_saison_des_pluies_2.jpg","datePublished":"2018-01-04T20:15:41+00:00","dateModified":"2020-12-31T09:22:19+00:00","breadcrumb":{"@id":"https:\/\/kamerungo.org\/fr\/pourquoi-le-cameroun\/#breadcrumb"},"inLanguage":"fr-FR","potentialAction":[{"@type":"ReadAction","target":["https:\/\/kamerungo.org\/fr\/pourquoi-le-cameroun\/"]}]},{"@type":"ImageObject","inLanguage":"fr-FR","@id":"https:\/\/kamerungo.org\/fr\/pourquoi-le-cameroun\/#primaryimage","url":"https:\/\/kamerungo.org\/wp-content\/uploads\/2018\/01\/Cameroun-Route_nationale_3_\u00e0_la_saison_des_pluies_2.jpg","contentUrl":"https:\/\/kamerungo.org\/wp-content\/uploads\/2018\/01\/Cameroun-Route_nationale_3_\u00e0_la_saison_des_pluies_2.jpg","width":3264,"height":2448},{"@type":"BreadcrumbList","@id":"https:\/\/kamerungo.org\/fr\/pourquoi-le-cameroun\/#breadcrumb","itemListElement":[{"@type":"ListItem","position":1,"name":"Maison","item":"https:\/\/kamerungo.org\/fr\/maison-de-noel-2020\/"},{"@type":"ListItem","position":2,"name":"Pourquoi le Cameroun?"}]},{"@type":"WebSite","@id":"https:\/\/kamerungo.org\/#website","url":"https:\/\/kamerungo.org\/","name":"KamerunGO!","description":"Ta contribution permet la construction du premier centre m\u00e9dical de Bekoko au Cameroun.","publisher":{"@id":"https:\/\/kamerungo.org\/#organization"},"potentialAction":[{"@type":"SearchAction","target":{"@type":"EntryPoint","urlTemplate":"https:\/\/kamerungo.org\/?s={search_term_string}"},"query-input":{"@type":"PropertyValueSpecification","valueRequired":true,"valueName":"search_term_string"}}],"inLanguage":"fr-FR"},{"@type":"Organization","@id":"https:\/\/kamerungo.org\/#organization","name":"KamerunGO!","url":"https:\/\/kamerungo.org\/","logo":{"@type":"ImageObject","inLanguage":"fr-FR","@id":"https:\/\/kamerungo.org\/#\/schema\/logo\/image\/","url":"https:\/\/kamerungo.org\/wp-content\/uploads\/2017\/11\/Logo_KamerunGO_web_v.0.1_white_square.png","contentUrl":"https:\/\/kamerungo.org\/wp-content\/uploads\/2017\/11\/Logo_KamerunGO_web_v.0.1_white_square.png","width":2000,"height":2000,"caption":"KamerunGO!"},"image":{"@id":"https:\/\/kamerungo.org\/#\/schema\/logo\/image\/"},"sameAs":["https:\/\/facebook.com\/kamerungo\/","https:\/\/www.instagram.com\/kamerungo\/","https:\/\/www.youtube.com\/channel\/UCBDOv0SqVKjq9FX8x-JnjeA\/"]},{"@type":"Person","@id":""}]}},"_links":{"self":[{"href":"https:\/\/kamerungo.org\/fr\/wp-json\/wp\/v2\/posts\/724","targetHints":{"allow":["GET"]}}],"collection":[{"href":"https:\/\/kamerungo.org\/fr\/wp-json\/wp\/v2\/posts"}],"about":[{"href":"https:\/\/kamerungo.org\/fr\/wp-json\/wp\/v2\/types\/post"}],"author":[{"embeddable":true,"href":"https:\/\/kamerungo.org\/fr\/wp-json\/wp\/v2\/users\/2"}],"replies":[{"embeddable":true,"href":"https:\/\/kamerungo.org\/fr\/wp-json\/wp\/v2\/comments?post=724"}],"version-history":[{"count":1,"href":"https:\/\/kamerungo.org\/fr\/wp-json\/wp\/v2\/posts\/724\/revisions"}],"predecessor-version":[{"id":3286,"href":"https:\/\/kamerungo.org\/fr\/wp-json\/wp\/v2\/posts\/724\/revisions\/3286"}],"wp:featuredmedia":[{"embeddable":true,"href":"https:\/\/kamerungo.org\/fr\/wp-json\/wp\/v2\/media\/1198"}],"wp:attachment":[{"href":"https:\/\/kamerungo.org\/fr\/wp-json\/wp\/v2\/media?parent=724"}],"wp:term":[{"taxonomy":"category","embeddable":true,"href":"https:\/\/kamerungo.org\/fr\/wp-json\/wp\/v2\/categories?post=724"},{"taxonomy":"post_tag","embeddable":true,"href":"https:\/\/kamerungo.org\/fr\/wp-json\/wp\/v2\/tags?post=724"}],"curies":[{"name":"wp","href":"https:\/\/api.w.org\/{rel}","templated":true}]}}